

{"id":646,"date":"2022-09-23T16:00:48","date_gmt":"2022-09-23T14:00:48","guid":{"rendered":"https:\/\/associations.lunel.com\/ecole-du-vidourle\/?p=646"},"modified":"2022-10-04T18:31:00","modified_gmt":"2022-10-04T16:31:00","slug":"felibree","status":"publish","type":"post","link":"https:\/\/associations.lunel.com\/ecole-du-vidourle\/felibree\/","title":{"rendered":"F\u00e9libr\u00e9e"},"content":{"rendered":"\n<p><strong>Le 23 juin l\u2019Escolo d\u00f3u Vidourle a cl\u00f4tur\u00e9 l\u2019ann\u00e9e scolaire par la traditionnelle \u00ab\u00a0Felibrejado\u00a0\u00bb (f\u00eate en langue proven\u00e7ale) \u00e0 la manade Aubanel-Baroncelli du Cailar.<\/strong><\/p>\n\n\n\n<p><strong>Les gardians nous ont d\u00e9montr\u00e9 leur art du tri et nous ont \u00ab\u00a0r\u00e9gal\u00e9s\u00a0\u00bb d\u2019une superbe abrivado en pays men\u00e9e au pas. Au cours du repas les \u00ab\u00a0escoulan\u00a0\u00bb ont pr\u00e9sent\u00e9 qui des sc\u00e9nettes, qui des textes de leur composition ou plus classiques, chacun selon ses go\u00fbts et comp\u00e9tences mais toujours avec le support de cette superbe langue proven\u00e7ale.<\/strong><\/p>\n\n\n\n<p><strong>Une soir\u00e9e r\u00e9ussie autour de nos traditions.<\/strong><\/p>\n\n\n\n\n\n<figure class=\"wp-block-gallery has-nested-images columns-default is-cropped wp-block-gallery-1 is-layout-flex wp-block-gallery-is-layout-flex\">\n<figure class=\"wp-block-image size-large\"><img loading=\"lazy\" decoding=\"async\" width=\"1024\" height=\"768\" data-id=\"647\" src=\"https:\/\/associations.lunel.com\/ecole-du-vidourle\/wp-content\/uploads\/sites\/31\/2022\/09\/20220623_195421-1024x768.jpg\" alt=\"\" class=\"wp-image-647\" srcset=\"https:\/\/associations.lunel.com\/ecole-du-vidourle\/wp-content\/uploads\/sites\/31\/2022\/09\/20220623_195421-1024x768.jpg 1024w, https:\/\/associations.lunel.com\/ecole-du-vidourle\/wp-content\/uploads\/sites\/31\/2022\/09\/20220623_195421-300x225.jpg 300w, https:\/\/associations.lunel.com\/ecole-du-vidourle\/wp-content\/uploads\/sites\/31\/2022\/09\/20220623_195421-768x576.jpg 768w, https:\/\/associations.lunel.com\/ecole-du-vidourle\/wp-content\/uploads\/sites\/31\/2022\/09\/20220623_195421-1536x1152.jpg 1536w, https:\/\/associations.lunel.com\/ecole-du-vidourle\/wp-content\/uploads\/sites\/31\/2022\/09\/20220623_195421-2048x1536.jpg 2048w, https:\/\/associations.lunel.com\/ecole-du-vidourle\/wp-content\/uploads\/sites\/31\/2022\/09\/20220623_195421-1440x1080.jpg 1440w\" sizes=\"auto, (max-width: 1024px) 100vw, 1024px\" \/><\/figure>\n<\/figure>\n\n\n\n<figure class=\"wp-block-gallery has-nested-images columns-default is-cropped wp-block-gallery-2 is-layout-flex wp-block-gallery-is-layout-flex\">\n<figure class=\"wp-block-image size-large\"><img loading=\"lazy\" decoding=\"async\" width=\"768\" height=\"1024\" data-id=\"649\" src=\"https:\/\/associations.lunel.com\/ecole-du-vidourle\/wp-content\/uploads\/sites\/31\/2022\/09\/20220623_213101-768x1024.jpg\" alt=\"\" class=\"wp-image-649\" srcset=\"https:\/\/associations.lunel.com\/ecole-du-vidourle\/wp-content\/uploads\/sites\/31\/2022\/09\/20220623_213101-768x1024.jpg 768w, https:\/\/associations.lunel.com\/ecole-du-vidourle\/wp-content\/uploads\/sites\/31\/2022\/09\/20220623_213101-225x300.jpg 225w, https:\/\/associations.lunel.com\/ecole-du-vidourle\/wp-content\/uploads\/sites\/31\/2022\/09\/20220623_213101-1152x1536.jpg 1152w, https:\/\/associations.lunel.com\/ecole-du-vidourle\/wp-content\/uploads\/sites\/31\/2022\/09\/20220623_213101-1536x2048.jpg 1536w, https:\/\/associations.lunel.com\/ecole-du-vidourle\/wp-content\/uploads\/sites\/31\/2022\/09\/20220623_213101-1024x1365.jpg 1024w, https:\/\/associations.lunel.com\/ecole-du-vidourle\/wp-content\/uploads\/sites\/31\/2022\/09\/20220623_213101-810x1080.jpg 810w, https:\/\/associations.lunel.com\/ecole-du-vidourle\/wp-content\/uploads\/sites\/31\/2022\/09\/20220623_213101-scaled.jpg 1920w\" sizes=\"auto, (max-width: 768px) 100vw, 768px\" \/><\/figure>\n\n\n\n<figure class=\"wp-block-image size-large\"><img loading=\"lazy\" decoding=\"async\" width=\"768\" height=\"1024\" data-id=\"648\" src=\"https:\/\/associations.lunel.com\/ecole-du-vidourle\/wp-content\/uploads\/sites\/31\/2022\/09\/20220623_213147-Copie-768x1024.jpg\" alt=\"\" class=\"wp-image-648\" srcset=\"https:\/\/associations.lunel.com\/ecole-du-vidourle\/wp-content\/uploads\/sites\/31\/2022\/09\/20220623_213147-Copie-768x1024.jpg 768w, https:\/\/associations.lunel.com\/ecole-du-vidourle\/wp-content\/uploads\/sites\/31\/2022\/09\/20220623_213147-Copie-225x300.jpg 225w, https:\/\/associations.lunel.com\/ecole-du-vidourle\/wp-content\/uploads\/sites\/31\/2022\/09\/20220623_213147-Copie-1152x1536.jpg 1152w, https:\/\/associations.lunel.com\/ecole-du-vidourle\/wp-content\/uploads\/sites\/31\/2022\/09\/20220623_213147-Copie-1536x2048.jpg 1536w, https:\/\/associations.lunel.com\/ecole-du-vidourle\/wp-content\/uploads\/sites\/31\/2022\/09\/20220623_213147-Copie-1024x1365.jpg 1024w, https:\/\/associations.lunel.com\/ecole-du-vidourle\/wp-content\/uploads\/sites\/31\/2022\/09\/20220623_213147-Copie-810x1080.jpg 810w, https:\/\/associations.lunel.com\/ecole-du-vidourle\/wp-content\/uploads\/sites\/31\/2022\/09\/20220623_213147-Copie-scaled.jpg 1920w\" sizes=\"auto, (max-width: 768px) 100vw, 768px\" \/><\/figure>\n<\/figure>\n","protected":false},"excerpt":{"rendered":"<p>Le 23 juin l\u2019Escolo d\u00f3u Vidourle a cl\u00f4tur\u00e9 l\u2019ann\u00e9e scolaire par la traditionnelle \u00ab\u00a0Felibrejado\u00a0\u00bb (f\u00eate en langue proven\u00e7ale) \u00e0 la manade Aubanel-Baroncelli du Cailar. Les gardians nous ont d\u00e9montr\u00e9 leur art du tri et nous ont \u00ab\u00a0r\u00e9gal\u00e9s\u00a0\u00bb d\u2019une superbe abrivado en pays men\u00e9e au pas. Au cours du repas les \u00ab\u00a0escoulan\u00a0\u00bb ont pr\u00e9sent\u00e9 qui des&hellip; <br \/> <a class=\"read-more\" href=\"https:\/\/associations.lunel.com\/ecole-du-vidourle\/felibree\/\">Lire la suite<\/a><\/p>\n","protected":false},"author":37,"featured_media":0,"comment_status":"open","ping_status":"open","sticky":false,"template":"","format":"standard","meta":{"_uag_custom_page_level_css":"","footnotes":""},"categories":[1],"tags":[],"class_list":["post-646","post","type-post","status-publish","format-standard","hentry","category-non-classe"],"uagb_featured_image_src":{"full":false,"thumbnail":false,"medium":false,"medium_large":false,"large":false,"1536x1536":false,"2048x2048":false,"post-thumbnail":false,"mesmerize-full-hd":false},"uagb_author_info":{"display_name":"ecole-du-vidourle","author_link":"https:\/\/associations.lunel.com\/ecole-du-vidourle\/author\/ecole-du-vidourle\/"},"uagb_comment_info":0,"uagb_excerpt":"Le 23 juin l\u2019Escolo d\u00f3u Vidourle a cl\u00f4tur\u00e9 l\u2019ann\u00e9e scolaire par la traditionnelle \u00ab\u00a0Felibrejado\u00a0\u00bb (f\u00eate en langue proven\u00e7ale) \u00e0 la manade Aubanel-Baroncelli du Cailar. Les gardians nous ont d\u00e9montr\u00e9 leur art du tri et nous ont \u00ab\u00a0r\u00e9gal\u00e9s\u00a0\u00bb d\u2019une superbe abrivado en pays men\u00e9e au pas. Au cours du repas les \u00ab\u00a0escoulan\u00a0\u00bb ont pr\u00e9sent\u00e9 qui des&hellip;\u2026","_links":{"self":[{"href":"https:\/\/associations.lunel.com\/ecole-du-vidourle\/wp-json\/wp\/v2\/posts\/646","targetHints":{"allow":["GET"]}}],"collection":[{"href":"https:\/\/associations.lunel.com\/ecole-du-vidourle\/wp-json\/wp\/v2\/posts"}],"about":[{"href":"https:\/\/associations.lunel.com\/ecole-du-vidourle\/wp-json\/wp\/v2\/types\/post"}],"author":[{"embeddable":true,"href":"https:\/\/associations.lunel.com\/ecole-du-vidourle\/wp-json\/wp\/v2\/users\/37"}],"replies":[{"embeddable":true,"href":"https:\/\/associations.lunel.com\/ecole-du-vidourle\/wp-json\/wp\/v2\/comments?post=646"}],"version-history":[{"count":0,"href":"https:\/\/associations.lunel.com\/ecole-du-vidourle\/wp-json\/wp\/v2\/posts\/646\/revisions"}],"wp:attachment":[{"href":"https:\/\/associations.lunel.com\/ecole-du-vidourle\/wp-json\/wp\/v2\/media?parent=646"}],"wp:term":[{"taxonomy":"category","embeddable":true,"href":"https:\/\/associations.lunel.com\/ecole-du-vidourle\/wp-json\/wp\/v2\/categories?post=646"},{"taxonomy":"post_tag","embeddable":true,"href":"https:\/\/associations.lunel.com\/ecole-du-vidourle\/wp-json\/wp\/v2\/tags?post=646"}],"curies":[{"name":"wp","href":"https:\/\/api.w.org\/{rel}","templated":true}]}}