

{"id":729,"date":"2022-12-10T13:21:53","date_gmt":"2022-12-10T12:21:53","guid":{"rendered":"https:\/\/associations.lunel.com\/ecole-du-vidourle\/?p=729"},"modified":"2022-12-10T13:50:43","modified_gmt":"2022-12-10T12:50:43","slug":"assemblee-generale","status":"publish","type":"post","link":"https:\/\/associations.lunel.com\/ecole-du-vidourle\/assemblee-generale\/","title":{"rendered":"ASSEMBLEE GENERALE"},"content":{"rendered":"\n<p><strong>L\u2019\u00e9cole du Vidourle a tenu son Assembl\u00e9e G\u00e9n\u00e9rale ce 4 d\u00e9cembre. Cela a permis de faire conna\u00eetre toutes les activit\u00e9s de l\u2019\u00c9cole aux \u00e9lus de la ville et du d\u00e9partement ainsi qu\u2019aux membres du F\u00e9librige et de la Maintenance.<\/strong><\/p>\n\n\n\n<p><strong>Notre \u00e9cole s\u2019investit pour le maintien de la langue et des traditions r\u00e9gionales par ses cours de langue mais aussi par sa participation \u00e0 diverses manifestions.<\/strong><\/p>\n\n\n\n<p><strong>Notre assembl\u00e9e s\u2019est termin\u00e9e par un pot convivial suivi du \u00ab\u00a0Gros soupa\u00a0\u00bb souper maigre sans viande o\u00f9 l\u2019on d\u00e9guste des plats traditionnels tels la carde et la morue, sans oublier les \u00a0\u00bbtreize desserts\u00a0\u00bb.<\/strong><\/p>\n\n\n\n<p><strong>Chacun a pu s\u2019exprimer par des po\u00e8mes, des lectures, des \u00ab\u00a0cascareleto\u00a0\u00bb (blagues) en langue proven\u00e7ale bien sur.<\/strong><\/p>\n\n\n\n<p><strong>Une soir\u00e9e agr\u00e9able et bien appr\u00e9ci\u00e9e\u00a0!!<\/strong><\/p>\n\n\n\n<figure class=\"wp-block-image size-large\"><img loading=\"lazy\" decoding=\"async\" width=\"1024\" height=\"768\" src=\"http:\/\/associations.lunel.com\/ecole-du-vidourle\/wp-content\/uploads\/sites\/31\/2022\/12\/20221202_182606-3-1024x768.jpg\" alt=\"\" class=\"wp-image-730\" srcset=\"https:\/\/associations.lunel.com\/ecole-du-vidourle\/wp-content\/uploads\/sites\/31\/2022\/12\/20221202_182606-3-1024x768.jpg 1024w, https:\/\/associations.lunel.com\/ecole-du-vidourle\/wp-content\/uploads\/sites\/31\/2022\/12\/20221202_182606-3-300x225.jpg 300w, https:\/\/associations.lunel.com\/ecole-du-vidourle\/wp-content\/uploads\/sites\/31\/2022\/12\/20221202_182606-3-768x576.jpg 768w, https:\/\/associations.lunel.com\/ecole-du-vidourle\/wp-content\/uploads\/sites\/31\/2022\/12\/20221202_182606-3-1536x1152.jpg 1536w, https:\/\/associations.lunel.com\/ecole-du-vidourle\/wp-content\/uploads\/sites\/31\/2022\/12\/20221202_182606-3-2048x1536.jpg 2048w, https:\/\/associations.lunel.com\/ecole-du-vidourle\/wp-content\/uploads\/sites\/31\/2022\/12\/20221202_182606-3-1440x1080.jpg 1440w\" sizes=\"auto, (max-width: 1024px) 100vw, 1024px\" \/><\/figure>\n\n\n\n<figure class=\"wp-block-image size-large\"><img loading=\"lazy\" decoding=\"async\" width=\"1024\" height=\"546\" src=\"http:\/\/associations.lunel.com\/ecole-du-vidourle\/wp-content\/uploads\/sites\/31\/2022\/12\/assemblee-1024x546.jpg\" alt=\"\" class=\"wp-image-738\" srcset=\"https:\/\/associations.lunel.com\/ecole-du-vidourle\/wp-content\/uploads\/sites\/31\/2022\/12\/assemblee-1024x546.jpg 1024w, https:\/\/associations.lunel.com\/ecole-du-vidourle\/wp-content\/uploads\/sites\/31\/2022\/12\/assemblee-300x160.jpg 300w, https:\/\/associations.lunel.com\/ecole-du-vidourle\/wp-content\/uploads\/sites\/31\/2022\/12\/assemblee-768x410.jpg 768w, https:\/\/associations.lunel.com\/ecole-du-vidourle\/wp-content\/uploads\/sites\/31\/2022\/12\/assemblee-1536x819.jpg 1536w, https:\/\/associations.lunel.com\/ecole-du-vidourle\/wp-content\/uploads\/sites\/31\/2022\/12\/assemblee-2048x1092.jpg 2048w, https:\/\/associations.lunel.com\/ecole-du-vidourle\/wp-content\/uploads\/sites\/31\/2022\/12\/assemblee-1920x1024.jpg 1920w\" sizes=\"auto, (max-width: 1024px) 100vw, 1024px\" \/><\/figure>\n\n\n\n<figure class=\"wp-block-image size-large\"><img loading=\"lazy\" decoding=\"async\" width=\"1024\" height=\"768\" src=\"http:\/\/associations.lunel.com\/ecole-du-vidourle\/wp-content\/uploads\/sites\/31\/2022\/12\/20221202_205717-1024x768.jpg\" alt=\"\" class=\"wp-image-732\" srcset=\"https:\/\/associations.lunel.com\/ecole-du-vidourle\/wp-content\/uploads\/sites\/31\/2022\/12\/20221202_205717-1024x768.jpg 1024w, https:\/\/associations.lunel.com\/ecole-du-vidourle\/wp-content\/uploads\/sites\/31\/2022\/12\/20221202_205717-300x225.jpg 300w, https:\/\/associations.lunel.com\/ecole-du-vidourle\/wp-content\/uploads\/sites\/31\/2022\/12\/20221202_205717-768x576.jpg 768w, https:\/\/associations.lunel.com\/ecole-du-vidourle\/wp-content\/uploads\/sites\/31\/2022\/12\/20221202_205717-1536x1152.jpg 1536w, https:\/\/associations.lunel.com\/ecole-du-vidourle\/wp-content\/uploads\/sites\/31\/2022\/12\/20221202_205717-2048x1536.jpg 2048w, https:\/\/associations.lunel.com\/ecole-du-vidourle\/wp-content\/uploads\/sites\/31\/2022\/12\/20221202_205717-1440x1080.jpg 1440w\" sizes=\"auto, (max-width: 1024px) 100vw, 1024px\" \/><\/figure>\n\n\n\n<figure class=\"wp-block-image size-large\"><img loading=\"lazy\" decoding=\"async\" width=\"1024\" height=\"884\" src=\"http:\/\/associations.lunel.com\/ecole-du-vidourle\/wp-content\/uploads\/sites\/31\/2022\/12\/table-2-1-1024x884.jpg\" alt=\"\" class=\"wp-image-745\" srcset=\"https:\/\/associations.lunel.com\/ecole-du-vidourle\/wp-content\/uploads\/sites\/31\/2022\/12\/table-2-1-1024x884.jpg 1024w, https:\/\/associations.lunel.com\/ecole-du-vidourle\/wp-content\/uploads\/sites\/31\/2022\/12\/table-2-1-300x259.jpg 300w, https:\/\/associations.lunel.com\/ecole-du-vidourle\/wp-content\/uploads\/sites\/31\/2022\/12\/table-2-1-768x663.jpg 768w, https:\/\/associations.lunel.com\/ecole-du-vidourle\/wp-content\/uploads\/sites\/31\/2022\/12\/table-2-1-1536x1325.jpg 1536w, https:\/\/associations.lunel.com\/ecole-du-vidourle\/wp-content\/uploads\/sites\/31\/2022\/12\/table-2-1-2048x1767.jpg 2048w, https:\/\/associations.lunel.com\/ecole-du-vidourle\/wp-content\/uploads\/sites\/31\/2022\/12\/table-2-1-1252x1080.jpg 1252w\" sizes=\"auto, (max-width: 1024px) 100vw, 1024px\" \/><\/figure>\n\n\n\n<figure class=\"wp-block-image size-large\"><img loading=\"lazy\" decoding=\"async\" width=\"1024\" height=\"675\" src=\"http:\/\/associations.lunel.com\/ecole-du-vidourle\/wp-content\/uploads\/sites\/31\/2022\/12\/table-1-1-1024x675.jpg\" alt=\"\" class=\"wp-image-744\" srcset=\"https:\/\/associations.lunel.com\/ecole-du-vidourle\/wp-content\/uploads\/sites\/31\/2022\/12\/table-1-1-1024x675.jpg 1024w, https:\/\/associations.lunel.com\/ecole-du-vidourle\/wp-content\/uploads\/sites\/31\/2022\/12\/table-1-1-300x198.jpg 300w, https:\/\/associations.lunel.com\/ecole-du-vidourle\/wp-content\/uploads\/sites\/31\/2022\/12\/table-1-1-768x506.jpg 768w, https:\/\/associations.lunel.com\/ecole-du-vidourle\/wp-content\/uploads\/sites\/31\/2022\/12\/table-1-1-1536x1012.jpg 1536w, https:\/\/associations.lunel.com\/ecole-du-vidourle\/wp-content\/uploads\/sites\/31\/2022\/12\/table-1-1-2048x1350.jpg 2048w, https:\/\/associations.lunel.com\/ecole-du-vidourle\/wp-content\/uploads\/sites\/31\/2022\/12\/table-1-1-1638x1080.jpg 1638w\" sizes=\"auto, (max-width: 1024px) 100vw, 1024px\" \/><\/figure>\n","protected":false},"excerpt":{"rendered":"<p>L\u2019\u00e9cole du Vidourle a tenu son Assembl\u00e9e G\u00e9n\u00e9rale ce 4 d\u00e9cembre. Cela a permis de faire conna\u00eetre toutes les activit\u00e9s de l\u2019\u00c9cole aux \u00e9lus de la ville et du d\u00e9partement ainsi qu\u2019aux membres du F\u00e9librige et de la Maintenance. Notre \u00e9cole s\u2019investit pour le maintien de la langue et des traditions r\u00e9gionales par ses cours&hellip; <br \/> <a class=\"read-more\" href=\"https:\/\/associations.lunel.com\/ecole-du-vidourle\/assemblee-generale\/\">Lire la suite<\/a><\/p>\n","protected":false},"author":37,"featured_media":0,"comment_status":"open","ping_status":"open","sticky":false,"template":"","format":"standard","meta":{"_uag_custom_page_level_css":"","footnotes":""},"categories":[1],"tags":[],"class_list":["post-729","post","type-post","status-publish","format-standard","hentry","category-non-classe"],"uagb_featured_image_src":{"full":false,"thumbnail":false,"medium":false,"medium_large":false,"large":false,"1536x1536":false,"2048x2048":false,"post-thumbnail":false,"mesmerize-full-hd":false},"uagb_author_info":{"display_name":"ecole-du-vidourle","author_link":"https:\/\/associations.lunel.com\/ecole-du-vidourle\/author\/ecole-du-vidourle\/"},"uagb_comment_info":0,"uagb_excerpt":"L\u2019\u00e9cole du Vidourle a tenu son Assembl\u00e9e G\u00e9n\u00e9rale ce 4 d\u00e9cembre. Cela a permis de faire conna\u00eetre toutes les activit\u00e9s de l\u2019\u00c9cole aux \u00e9lus de la ville et du d\u00e9partement ainsi qu\u2019aux membres du F\u00e9librige et de la Maintenance. Notre \u00e9cole s\u2019investit pour le maintien de la langue et des traditions r\u00e9gionales par ses cours&hellip;\u2026","_links":{"self":[{"href":"https:\/\/associations.lunel.com\/ecole-du-vidourle\/wp-json\/wp\/v2\/posts\/729","targetHints":{"allow":["GET"]}}],"collection":[{"href":"https:\/\/associations.lunel.com\/ecole-du-vidourle\/wp-json\/wp\/v2\/posts"}],"about":[{"href":"https:\/\/associations.lunel.com\/ecole-du-vidourle\/wp-json\/wp\/v2\/types\/post"}],"author":[{"embeddable":true,"href":"https:\/\/associations.lunel.com\/ecole-du-vidourle\/wp-json\/wp\/v2\/users\/37"}],"replies":[{"embeddable":true,"href":"https:\/\/associations.lunel.com\/ecole-du-vidourle\/wp-json\/wp\/v2\/comments?post=729"}],"version-history":[{"count":0,"href":"https:\/\/associations.lunel.com\/ecole-du-vidourle\/wp-json\/wp\/v2\/posts\/729\/revisions"}],"wp:attachment":[{"href":"https:\/\/associations.lunel.com\/ecole-du-vidourle\/wp-json\/wp\/v2\/media?parent=729"}],"wp:term":[{"taxonomy":"category","embeddable":true,"href":"https:\/\/associations.lunel.com\/ecole-du-vidourle\/wp-json\/wp\/v2\/categories?post=729"},{"taxonomy":"post_tag","embeddable":true,"href":"https:\/\/associations.lunel.com\/ecole-du-vidourle\/wp-json\/wp\/v2\/tags?post=729"}],"curies":[{"name":"wp","href":"https:\/\/api.w.org\/{rel}","templated":true}]}}