

{"id":747,"date":"2023-01-16T19:30:01","date_gmt":"2023-01-16T18:30:01","guid":{"rendered":"https:\/\/associations.lunel.com\/ecole-du-vidourle\/?p=747"},"modified":"2023-01-16T19:30:01","modified_gmt":"2023-01-16T18:30:01","slug":"galette-des-rois","status":"publish","type":"post","link":"https:\/\/associations.lunel.com\/ecole-du-vidourle\/galette-des-rois\/","title":{"rendered":"Galette des rois"},"content":{"rendered":"\n<p><strong>Le 10 janvier les \u00ab\u00a0Escoulan\u00a0\u00bb de l\u2019Ecole du Vidourle ont partag\u00e9 un moment convivial autour de la galette des rois.<br>Une nouvelle occasion de pratiquer agr\u00e9ablement la langue proven\u00e7ale .<\/strong><\/p>\n\n\n\n<figure class=\"wp-block-image size-large\"><img loading=\"lazy\" decoding=\"async\" width=\"1024\" height=\"598\" src=\"https:\/\/associations.lunel.com\/ecole-du-vidourle\/wp-content\/uploads\/sites\/31\/2023\/01\/Galette-1024x598.jpg\" alt=\"\" class=\"wp-image-756\" srcset=\"https:\/\/associations.lunel.com\/ecole-du-vidourle\/wp-content\/uploads\/sites\/31\/2023\/01\/Galette-1024x598.jpg 1024w, https:\/\/associations.lunel.com\/ecole-du-vidourle\/wp-content\/uploads\/sites\/31\/2023\/01\/Galette-300x175.jpg 300w, https:\/\/associations.lunel.com\/ecole-du-vidourle\/wp-content\/uploads\/sites\/31\/2023\/01\/Galette-768x449.jpg 768w, https:\/\/associations.lunel.com\/ecole-du-vidourle\/wp-content\/uploads\/sites\/31\/2023\/01\/Galette-1536x897.jpg 1536w, https:\/\/associations.lunel.com\/ecole-du-vidourle\/wp-content\/uploads\/sites\/31\/2023\/01\/Galette-2048x1196.jpg 2048w, https:\/\/associations.lunel.com\/ecole-du-vidourle\/wp-content\/uploads\/sites\/31\/2023\/01\/Galette-1849x1080.jpg 1849w\" sizes=\"auto, (max-width: 1024px) 100vw, 1024px\" \/><\/figure>\n\n\n\n<figure class=\"wp-block-image size-large\"><img loading=\"lazy\" decoding=\"async\" width=\"1024\" height=\"378\" src=\"https:\/\/associations.lunel.com\/ecole-du-vidourle\/wp-content\/uploads\/sites\/31\/2023\/01\/Galette-3-1024x378.jpg\" alt=\"\" class=\"wp-image-757\" srcset=\"https:\/\/associations.lunel.com\/ecole-du-vidourle\/wp-content\/uploads\/sites\/31\/2023\/01\/Galette-3-1024x378.jpg 1024w, https:\/\/associations.lunel.com\/ecole-du-vidourle\/wp-content\/uploads\/sites\/31\/2023\/01\/Galette-3-300x111.jpg 300w, https:\/\/associations.lunel.com\/ecole-du-vidourle\/wp-content\/uploads\/sites\/31\/2023\/01\/Galette-3-768x283.jpg 768w, https:\/\/associations.lunel.com\/ecole-du-vidourle\/wp-content\/uploads\/sites\/31\/2023\/01\/Galette-3-1536x567.jpg 1536w, https:\/\/associations.lunel.com\/ecole-du-vidourle\/wp-content\/uploads\/sites\/31\/2023\/01\/Galette-3-2048x756.jpg 2048w, https:\/\/associations.lunel.com\/ecole-du-vidourle\/wp-content\/uploads\/sites\/31\/2023\/01\/Galette-3-1920x709.jpg 1920w\" sizes=\"auto, (max-width: 1024px) 100vw, 1024px\" \/><\/figure>\n\n\n\n<figure class=\"wp-block-image size-large\"><img loading=\"lazy\" decoding=\"async\" width=\"1024\" height=\"615\" src=\"https:\/\/associations.lunel.com\/ecole-du-vidourle\/wp-content\/uploads\/sites\/31\/2023\/01\/Galette-2-1024x615.jpg\" alt=\"\" class=\"wp-image-758\" srcset=\"https:\/\/associations.lunel.com\/ecole-du-vidourle\/wp-content\/uploads\/sites\/31\/2023\/01\/Galette-2-1024x615.jpg 1024w, https:\/\/associations.lunel.com\/ecole-du-vidourle\/wp-content\/uploads\/sites\/31\/2023\/01\/Galette-2-300x180.jpg 300w, https:\/\/associations.lunel.com\/ecole-du-vidourle\/wp-content\/uploads\/sites\/31\/2023\/01\/Galette-2-768x461.jpg 768w, https:\/\/associations.lunel.com\/ecole-du-vidourle\/wp-content\/uploads\/sites\/31\/2023\/01\/Galette-2-1536x922.jpg 1536w, https:\/\/associations.lunel.com\/ecole-du-vidourle\/wp-content\/uploads\/sites\/31\/2023\/01\/Galette-2-2048x1230.jpg 2048w, https:\/\/associations.lunel.com\/ecole-du-vidourle\/wp-content\/uploads\/sites\/31\/2023\/01\/Galette-2-1798x1080.jpg 1798w\" sizes=\"auto, (max-width: 1024px) 100vw, 1024px\" \/><\/figure>\n","protected":false},"excerpt":{"rendered":"<p>Le 10 janvier les \u00ab\u00a0Escoulan\u00a0\u00bb de l\u2019Ecole du Vidourle ont partag\u00e9 un moment convivial autour de la galette des rois.Une nouvelle occasion de pratiquer agr\u00e9ablement la langue proven\u00e7ale .<\/p>\n","protected":false},"author":37,"featured_media":0,"comment_status":"open","ping_status":"open","sticky":false,"template":"","format":"standard","meta":{"_uag_custom_page_level_css":"","footnotes":""},"categories":[1],"tags":[],"class_list":["post-747","post","type-post","status-publish","format-standard","hentry","category-non-classe"],"uagb_featured_image_src":{"full":false,"thumbnail":false,"medium":false,"medium_large":false,"large":false,"1536x1536":false,"2048x2048":false,"post-thumbnail":false,"mesmerize-full-hd":false},"uagb_author_info":{"display_name":"ecole-du-vidourle","author_link":"https:\/\/associations.lunel.com\/ecole-du-vidourle\/author\/ecole-du-vidourle\/"},"uagb_comment_info":0,"uagb_excerpt":"Le 10 janvier les \u00ab\u00a0Escoulan\u00a0\u00bb de l\u2019Ecole du Vidourle ont partag\u00e9 un moment convivial autour de la galette des rois.Une nouvelle occasion de pratiquer agr\u00e9ablement la langue proven\u00e7ale .","_links":{"self":[{"href":"https:\/\/associations.lunel.com\/ecole-du-vidourle\/wp-json\/wp\/v2\/posts\/747","targetHints":{"allow":["GET"]}}],"collection":[{"href":"https:\/\/associations.lunel.com\/ecole-du-vidourle\/wp-json\/wp\/v2\/posts"}],"about":[{"href":"https:\/\/associations.lunel.com\/ecole-du-vidourle\/wp-json\/wp\/v2\/types\/post"}],"author":[{"embeddable":true,"href":"https:\/\/associations.lunel.com\/ecole-du-vidourle\/wp-json\/wp\/v2\/users\/37"}],"replies":[{"embeddable":true,"href":"https:\/\/associations.lunel.com\/ecole-du-vidourle\/wp-json\/wp\/v2\/comments?post=747"}],"version-history":[{"count":0,"href":"https:\/\/associations.lunel.com\/ecole-du-vidourle\/wp-json\/wp\/v2\/posts\/747\/revisions"}],"wp:attachment":[{"href":"https:\/\/associations.lunel.com\/ecole-du-vidourle\/wp-json\/wp\/v2\/media?parent=747"}],"wp:term":[{"taxonomy":"category","embeddable":true,"href":"https:\/\/associations.lunel.com\/ecole-du-vidourle\/wp-json\/wp\/v2\/categories?post=747"},{"taxonomy":"post_tag","embeddable":true,"href":"https:\/\/associations.lunel.com\/ecole-du-vidourle\/wp-json\/wp\/v2\/tags?post=747"}],"curies":[{"name":"wp","href":"https:\/\/api.w.org\/{rel}","templated":true}]}}