

{"id":769,"date":"2023-02-27T18:03:10","date_gmt":"2023-02-27T17:03:10","guid":{"rendered":"https:\/\/associations.lunel.com\/ecole-du-vidourle\/?p=769"},"modified":"2023-02-27T18:14:27","modified_gmt":"2023-02-27T17:14:27","slug":"cafe-provencal","status":"publish","type":"post","link":"https:\/\/associations.lunel.com\/ecole-du-vidourle\/cafe-provencal\/","title":{"rendered":"CAFE PROVENCAL"},"content":{"rendered":"\n<p>Le 23 f\u00e9vrier notre Ecole du Vidourle s\u2019est r\u00e9unie \u00e0 Villetelle pour son \u00ab\u00a0caf\u00e9 proven\u00e7al\u00a0\u00bb annuel.<\/p>\n\n\n\n<p>C\u2019est toujours un plaisir de se retrouver avec les participants des autres \u00e9coles pour partager notre int\u00e9r\u00eat pour la langue proven\u00e7ale. C\u2019est l\u2019occasion d\u2019\u00e9couter des po\u00e8mes, des chansons, des musiques, de voir des films sur notre si belle r\u00e9gion tout cela autour d\u2019un repas convivial.<\/p>\n\n\n\n<p>Le caf\u00e9 est ouvert \u00e0 tous et quelques non initi\u00e9s ont pu d\u00e9couvrir la musicalit\u00e9 de la langue, peut \u00eatre poursuivront-ils l\u2019exp\u00e9rience, c\u2019est notre souhait.<\/p>\n\n\n\n\n\n<figure class=\"wp-block-gallery has-nested-images columns-default is-cropped wp-block-gallery-1 is-layout-flex wp-block-gallery-is-layout-flex\">\n<figure class=\"wp-block-image size-large\"><img loading=\"lazy\" decoding=\"async\" width=\"768\" height=\"1024\" data-id=\"771\" src=\"https:\/\/associations.lunel.com\/ecole-du-vidourle\/wp-content\/uploads\/sites\/31\/2023\/02\/20230224_203741-768x1024.jpg\" alt=\"\" class=\"wp-image-771\" srcset=\"https:\/\/associations.lunel.com\/ecole-du-vidourle\/wp-content\/uploads\/sites\/31\/2023\/02\/20230224_203741-768x1024.jpg 768w, https:\/\/associations.lunel.com\/ecole-du-vidourle\/wp-content\/uploads\/sites\/31\/2023\/02\/20230224_203741-225x300.jpg 225w, https:\/\/associations.lunel.com\/ecole-du-vidourle\/wp-content\/uploads\/sites\/31\/2023\/02\/20230224_203741-1152x1536.jpg 1152w, https:\/\/associations.lunel.com\/ecole-du-vidourle\/wp-content\/uploads\/sites\/31\/2023\/02\/20230224_203741-1536x2048.jpg 1536w, https:\/\/associations.lunel.com\/ecole-du-vidourle\/wp-content\/uploads\/sites\/31\/2023\/02\/20230224_203741-1024x1365.jpg 1024w, https:\/\/associations.lunel.com\/ecole-du-vidourle\/wp-content\/uploads\/sites\/31\/2023\/02\/20230224_203741-810x1080.jpg 810w, https:\/\/associations.lunel.com\/ecole-du-vidourle\/wp-content\/uploads\/sites\/31\/2023\/02\/20230224_203741-scaled.jpg 1920w\" sizes=\"auto, (max-width: 768px) 100vw, 768px\" \/><\/figure>\n\n\n\n<figure class=\"wp-block-image size-large\"><img loading=\"lazy\" decoding=\"async\" width=\"768\" height=\"1024\" data-id=\"770\" src=\"https:\/\/associations.lunel.com\/ecole-du-vidourle\/wp-content\/uploads\/sites\/31\/2023\/02\/20230224_205020-768x1024.jpg\" alt=\"\" class=\"wp-image-770\" srcset=\"https:\/\/associations.lunel.com\/ecole-du-vidourle\/wp-content\/uploads\/sites\/31\/2023\/02\/20230224_205020-768x1024.jpg 768w, https:\/\/associations.lunel.com\/ecole-du-vidourle\/wp-content\/uploads\/sites\/31\/2023\/02\/20230224_205020-225x300.jpg 225w, https:\/\/associations.lunel.com\/ecole-du-vidourle\/wp-content\/uploads\/sites\/31\/2023\/02\/20230224_205020-1152x1536.jpg 1152w, https:\/\/associations.lunel.com\/ecole-du-vidourle\/wp-content\/uploads\/sites\/31\/2023\/02\/20230224_205020-1536x2048.jpg 1536w, https:\/\/associations.lunel.com\/ecole-du-vidourle\/wp-content\/uploads\/sites\/31\/2023\/02\/20230224_205020-1024x1365.jpg 1024w, https:\/\/associations.lunel.com\/ecole-du-vidourle\/wp-content\/uploads\/sites\/31\/2023\/02\/20230224_205020-810x1080.jpg 810w, https:\/\/associations.lunel.com\/ecole-du-vidourle\/wp-content\/uploads\/sites\/31\/2023\/02\/20230224_205020-scaled.jpg 1920w\" sizes=\"auto, (max-width: 768px) 100vw, 768px\" \/><\/figure>\n\n\n\n<figure class=\"wp-block-image size-large\"><img loading=\"lazy\" decoding=\"async\" width=\"768\" height=\"1024\" data-id=\"772\" src=\"https:\/\/associations.lunel.com\/ecole-du-vidourle\/wp-content\/uploads\/sites\/31\/2023\/02\/20230224_210857-768x1024.jpg\" alt=\"\" class=\"wp-image-772\" srcset=\"https:\/\/associations.lunel.com\/ecole-du-vidourle\/wp-content\/uploads\/sites\/31\/2023\/02\/20230224_210857-768x1024.jpg 768w, https:\/\/associations.lunel.com\/ecole-du-vidourle\/wp-content\/uploads\/sites\/31\/2023\/02\/20230224_210857-225x300.jpg 225w, https:\/\/associations.lunel.com\/ecole-du-vidourle\/wp-content\/uploads\/sites\/31\/2023\/02\/20230224_210857-1152x1536.jpg 1152w, https:\/\/associations.lunel.com\/ecole-du-vidourle\/wp-content\/uploads\/sites\/31\/2023\/02\/20230224_210857-1536x2048.jpg 1536w, https:\/\/associations.lunel.com\/ecole-du-vidourle\/wp-content\/uploads\/sites\/31\/2023\/02\/20230224_210857-1024x1365.jpg 1024w, https:\/\/associations.lunel.com\/ecole-du-vidourle\/wp-content\/uploads\/sites\/31\/2023\/02\/20230224_210857-810x1080.jpg 810w, https:\/\/associations.lunel.com\/ecole-du-vidourle\/wp-content\/uploads\/sites\/31\/2023\/02\/20230224_210857-scaled.jpg 1920w\" sizes=\"auto, (max-width: 768px) 100vw, 768px\" \/><\/figure>\n\n\n\n<figure class=\"wp-block-image size-large\"><img loading=\"lazy\" decoding=\"async\" width=\"1024\" height=\"768\" data-id=\"773\" src=\"https:\/\/associations.lunel.com\/ecole-du-vidourle\/wp-content\/uploads\/sites\/31\/2023\/02\/Villetelle-1-Copie-1024x768.jpg\" alt=\"\" class=\"wp-image-773\" srcset=\"https:\/\/associations.lunel.com\/ecole-du-vidourle\/wp-content\/uploads\/sites\/31\/2023\/02\/Villetelle-1-Copie-1024x768.jpg 1024w, https:\/\/associations.lunel.com\/ecole-du-vidourle\/wp-content\/uploads\/sites\/31\/2023\/02\/Villetelle-1-Copie-300x225.jpg 300w, https:\/\/associations.lunel.com\/ecole-du-vidourle\/wp-content\/uploads\/sites\/31\/2023\/02\/Villetelle-1-Copie-768x576.jpg 768w, https:\/\/associations.lunel.com\/ecole-du-vidourle\/wp-content\/uploads\/sites\/31\/2023\/02\/Villetelle-1-Copie-1536x1152.jpg 1536w, https:\/\/associations.lunel.com\/ecole-du-vidourle\/wp-content\/uploads\/sites\/31\/2023\/02\/Villetelle-1-Copie-2048x1536.jpg 2048w, https:\/\/associations.lunel.com\/ecole-du-vidourle\/wp-content\/uploads\/sites\/31\/2023\/02\/Villetelle-1-Copie-1440x1080.jpg 1440w\" sizes=\"auto, (max-width: 1024px) 100vw, 1024px\" \/><\/figure>\n<\/figure>\n","protected":false},"excerpt":{"rendered":"<p>Le 23 f\u00e9vrier notre Ecole du Vidourle s\u2019est r\u00e9unie \u00e0 Villetelle pour son \u00ab\u00a0caf\u00e9 proven\u00e7al\u00a0\u00bb annuel. C\u2019est toujours un plaisir de se retrouver avec les participants des autres \u00e9coles pour partager notre int\u00e9r\u00eat pour la langue proven\u00e7ale. C\u2019est l\u2019occasion d\u2019\u00e9couter des po\u00e8mes, des chansons, des musiques, de voir des films sur notre si belle r\u00e9gion&hellip; <br \/> <a class=\"read-more\" href=\"https:\/\/associations.lunel.com\/ecole-du-vidourle\/cafe-provencal\/\">Lire la suite<\/a><\/p>\n","protected":false},"author":37,"featured_media":0,"comment_status":"open","ping_status":"open","sticky":false,"template":"","format":"standard","meta":{"_uag_custom_page_level_css":"","footnotes":""},"categories":[1],"tags":[],"class_list":["post-769","post","type-post","status-publish","format-standard","hentry","category-non-classe"],"uagb_featured_image_src":{"full":false,"thumbnail":false,"medium":false,"medium_large":false,"large":false,"1536x1536":false,"2048x2048":false,"post-thumbnail":false,"mesmerize-full-hd":false},"uagb_author_info":{"display_name":"ecole-du-vidourle","author_link":"https:\/\/associations.lunel.com\/ecole-du-vidourle\/author\/ecole-du-vidourle\/"},"uagb_comment_info":0,"uagb_excerpt":"Le 23 f\u00e9vrier notre Ecole du Vidourle s\u2019est r\u00e9unie \u00e0 Villetelle pour son \u00ab\u00a0caf\u00e9 proven\u00e7al\u00a0\u00bb annuel. C\u2019est toujours un plaisir de se retrouver avec les participants des autres \u00e9coles pour partager notre int\u00e9r\u00eat pour la langue proven\u00e7ale. C\u2019est l\u2019occasion d\u2019\u00e9couter des po\u00e8mes, des chansons, des musiques, de voir des films sur notre si belle r\u00e9gion&hellip;\u2026","_links":{"self":[{"href":"https:\/\/associations.lunel.com\/ecole-du-vidourle\/wp-json\/wp\/v2\/posts\/769","targetHints":{"allow":["GET"]}}],"collection":[{"href":"https:\/\/associations.lunel.com\/ecole-du-vidourle\/wp-json\/wp\/v2\/posts"}],"about":[{"href":"https:\/\/associations.lunel.com\/ecole-du-vidourle\/wp-json\/wp\/v2\/types\/post"}],"author":[{"embeddable":true,"href":"https:\/\/associations.lunel.com\/ecole-du-vidourle\/wp-json\/wp\/v2\/users\/37"}],"replies":[{"embeddable":true,"href":"https:\/\/associations.lunel.com\/ecole-du-vidourle\/wp-json\/wp\/v2\/comments?post=769"}],"version-history":[{"count":0,"href":"https:\/\/associations.lunel.com\/ecole-du-vidourle\/wp-json\/wp\/v2\/posts\/769\/revisions"}],"wp:attachment":[{"href":"https:\/\/associations.lunel.com\/ecole-du-vidourle\/wp-json\/wp\/v2\/media?parent=769"}],"wp:term":[{"taxonomy":"category","embeddable":true,"href":"https:\/\/associations.lunel.com\/ecole-du-vidourle\/wp-json\/wp\/v2\/categories?post=769"},{"taxonomy":"post_tag","embeddable":true,"href":"https:\/\/associations.lunel.com\/ecole-du-vidourle\/wp-json\/wp\/v2\/tags?post=769"}],"curies":[{"name":"wp","href":"https:\/\/api.w.org\/{rel}","templated":true}]}}