

{"id":816,"date":"2023-06-27T17:27:17","date_gmt":"2023-06-27T15:27:17","guid":{"rendered":"https:\/\/associations.lunel.com\/ecole-du-vidourle\/?p=816"},"modified":"2023-07-04T16:53:02","modified_gmt":"2023-07-04T14:53:02","slug":"felibre-du-22-juin-2023","status":"publish","type":"post","link":"https:\/\/associations.lunel.com\/ecole-du-vidourle\/felibre-du-22-juin-2023\/","title":{"rendered":"FELIBRE du 22 juin 2023"},"content":{"rendered":"\n<p><strong>Ce 22 juin l\u2019Escolo d\u00f3u Vidourle s\u2019est r\u00e9unie au Cailar dans les pr\u00e9s de la manade Aubanel-Baroncelli.<\/strong><\/p>\n\n\n\n<p><strong>Les \u00e9l\u00e8ves de l\u2019Escolo, les sympathisants et les membres du F\u00e9librige ont eu le plaisir de descerner la Pervenche d\u2019argent \u00e0 Marcelle Puchol. Cet insigne symbolise l\u2019appartenance au F\u00e9librige, fond\u00e9 par Fr\u00e9d\u00e9ric Mistral, et qui a pour mission la d\u00e9fense de la langue d\u2019Oc .<\/strong><\/p>\n\n\n\n<p><strong>La c\u00e9r\u00e9monie s\u2019est bien sur termin\u00e9e par un repas convivial agr\u00e9ment\u00e9 de po\u00e8mes et chansons en langue proven\u00e7ale.<\/strong><\/p>\n\n\n\n<figure class=\"wp-block-image size-full is-resized\"><img loading=\"lazy\" decoding=\"async\" src=\"https:\/\/associations.lunel.com\/ecole-du-vidourle\/wp-content\/uploads\/sites\/31\/2023\/06\/A-Presentation-des-gardians-1-2.jpg\" alt=\"\" class=\"wp-image-817\" width=\"469\" height=\"352\" srcset=\"https:\/\/associations.lunel.com\/ecole-du-vidourle\/wp-content\/uploads\/sites\/31\/2023\/06\/A-Presentation-des-gardians-1-2.jpg 720w, https:\/\/associations.lunel.com\/ecole-du-vidourle\/wp-content\/uploads\/sites\/31\/2023\/06\/A-Presentation-des-gardians-1-2-300x225.jpg 300w\" sizes=\"auto, (max-width: 469px) 100vw, 469px\" \/><\/figure>\n\n\n\n<figure class=\"wp-block-image size-large is-resized\"><img loading=\"lazy\" decoding=\"async\" src=\"https:\/\/associations.lunel.com\/ecole-du-vidourle\/wp-content\/uploads\/sites\/31\/2023\/07\/B-Remise-de-la-pervenche-1-1-1024x768.jpg\" alt=\"\" class=\"wp-image-830\" width=\"475\" height=\"356\" srcset=\"https:\/\/associations.lunel.com\/ecole-du-vidourle\/wp-content\/uploads\/sites\/31\/2023\/07\/B-Remise-de-la-pervenche-1-1-1024x768.jpg 1024w, https:\/\/associations.lunel.com\/ecole-du-vidourle\/wp-content\/uploads\/sites\/31\/2023\/07\/B-Remise-de-la-pervenche-1-1-300x225.jpg 300w, https:\/\/associations.lunel.com\/ecole-du-vidourle\/wp-content\/uploads\/sites\/31\/2023\/07\/B-Remise-de-la-pervenche-1-1-768x576.jpg 768w, https:\/\/associations.lunel.com\/ecole-du-vidourle\/wp-content\/uploads\/sites\/31\/2023\/07\/B-Remise-de-la-pervenche-1-1.jpg 1440w\" sizes=\"auto, (max-width: 475px) 100vw, 475px\" \/><\/figure>\n\n\n\n<figure class=\"wp-block-image size-full is-resized\"><img loading=\"lazy\" decoding=\"async\" src=\"https:\/\/associations.lunel.com\/ecole-du-vidourle\/wp-content\/uploads\/sites\/31\/2023\/06\/C-La-brasucade.jpg\" alt=\"\" class=\"wp-image-819\" width=\"470\" height=\"353\" srcset=\"https:\/\/associations.lunel.com\/ecole-du-vidourle\/wp-content\/uploads\/sites\/31\/2023\/06\/C-La-brasucade.jpg 720w, https:\/\/associations.lunel.com\/ecole-du-vidourle\/wp-content\/uploads\/sites\/31\/2023\/06\/C-La-brasucade-300x225.jpg 300w\" sizes=\"auto, (max-width: 470px) 100vw, 470px\" \/><\/figure>\n\n\n\n<figure class=\"wp-block-image size-full\"><img loading=\"lazy\" decoding=\"async\" width=\"405\" height=\"540\" src=\"https:\/\/associations.lunel.com\/ecole-du-vidourle\/wp-content\/uploads\/sites\/31\/2023\/06\/D-A-table.jpg\" alt=\"\" class=\"wp-image-820\" srcset=\"https:\/\/associations.lunel.com\/ecole-du-vidourle\/wp-content\/uploads\/sites\/31\/2023\/06\/D-A-table.jpg 405w, https:\/\/associations.lunel.com\/ecole-du-vidourle\/wp-content\/uploads\/sites\/31\/2023\/06\/D-A-table-225x300.jpg 225w\" sizes=\"auto, (max-width: 405px) 100vw, 405px\" \/><\/figure>\n\n\n\n<figure class=\"wp-block-image size-full\"><img loading=\"lazy\" decoding=\"async\" width=\"405\" height=\"540\" src=\"https:\/\/associations.lunel.com\/ecole-du-vidourle\/wp-content\/uploads\/sites\/31\/2023\/06\/E-A-table.jpg\" alt=\"\" class=\"wp-image-821\" srcset=\"https:\/\/associations.lunel.com\/ecole-du-vidourle\/wp-content\/uploads\/sites\/31\/2023\/06\/E-A-table.jpg 405w, https:\/\/associations.lunel.com\/ecole-du-vidourle\/wp-content\/uploads\/sites\/31\/2023\/06\/E-A-table-225x300.jpg 225w\" sizes=\"auto, (max-width: 405px) 100vw, 405px\" \/><\/figure>\n\n\n\n<figure class=\"wp-block-image size-full\"><img loading=\"lazy\" decoding=\"async\" width=\"405\" height=\"540\" src=\"https:\/\/associations.lunel.com\/ecole-du-vidourle\/wp-content\/uploads\/sites\/31\/2023\/06\/F-A-table.jpg\" alt=\"\" class=\"wp-image-822\" srcset=\"https:\/\/associations.lunel.com\/ecole-du-vidourle\/wp-content\/uploads\/sites\/31\/2023\/06\/F-A-table.jpg 405w, https:\/\/associations.lunel.com\/ecole-du-vidourle\/wp-content\/uploads\/sites\/31\/2023\/06\/F-A-table-225x300.jpg 225w\" sizes=\"auto, (max-width: 405px) 100vw, 405px\" \/><\/figure>\n","protected":false},"excerpt":{"rendered":"<p>Ce 22 juin l\u2019Escolo d\u00f3u Vidourle s\u2019est r\u00e9unie au Cailar dans les pr\u00e9s de la manade Aubanel-Baroncelli. Les \u00e9l\u00e8ves de l\u2019Escolo, les sympathisants et les membres du F\u00e9librige ont eu le plaisir de descerner la Pervenche d\u2019argent \u00e0 Marcelle Puchol. Cet insigne symbolise l\u2019appartenance au F\u00e9librige, fond\u00e9 par Fr\u00e9d\u00e9ric Mistral, et qui a pour mission&hellip; <br \/> <a class=\"read-more\" href=\"https:\/\/associations.lunel.com\/ecole-du-vidourle\/felibre-du-22-juin-2023\/\">Lire la suite<\/a><\/p>\n","protected":false},"author":37,"featured_media":0,"comment_status":"open","ping_status":"open","sticky":false,"template":"","format":"standard","meta":{"_uag_custom_page_level_css":"","footnotes":""},"categories":[1],"tags":[],"class_list":["post-816","post","type-post","status-publish","format-standard","hentry","category-non-classe"],"uagb_featured_image_src":{"full":false,"thumbnail":false,"medium":false,"medium_large":false,"large":false,"1536x1536":false,"2048x2048":false,"post-thumbnail":false,"mesmerize-full-hd":false},"uagb_author_info":{"display_name":"ecole-du-vidourle","author_link":"https:\/\/associations.lunel.com\/ecole-du-vidourle\/author\/ecole-du-vidourle\/"},"uagb_comment_info":0,"uagb_excerpt":"Ce 22 juin l\u2019Escolo d\u00f3u Vidourle s\u2019est r\u00e9unie au Cailar dans les pr\u00e9s de la manade Aubanel-Baroncelli. Les \u00e9l\u00e8ves de l\u2019Escolo, les sympathisants et les membres du F\u00e9librige ont eu le plaisir de descerner la Pervenche d\u2019argent \u00e0 Marcelle Puchol. Cet insigne symbolise l\u2019appartenance au F\u00e9librige, fond\u00e9 par Fr\u00e9d\u00e9ric Mistral, et qui a pour mission&hellip;\u2026","_links":{"self":[{"href":"https:\/\/associations.lunel.com\/ecole-du-vidourle\/wp-json\/wp\/v2\/posts\/816","targetHints":{"allow":["GET"]}}],"collection":[{"href":"https:\/\/associations.lunel.com\/ecole-du-vidourle\/wp-json\/wp\/v2\/posts"}],"about":[{"href":"https:\/\/associations.lunel.com\/ecole-du-vidourle\/wp-json\/wp\/v2\/types\/post"}],"author":[{"embeddable":true,"href":"https:\/\/associations.lunel.com\/ecole-du-vidourle\/wp-json\/wp\/v2\/users\/37"}],"replies":[{"embeddable":true,"href":"https:\/\/associations.lunel.com\/ecole-du-vidourle\/wp-json\/wp\/v2\/comments?post=816"}],"version-history":[{"count":0,"href":"https:\/\/associations.lunel.com\/ecole-du-vidourle\/wp-json\/wp\/v2\/posts\/816\/revisions"}],"wp:attachment":[{"href":"https:\/\/associations.lunel.com\/ecole-du-vidourle\/wp-json\/wp\/v2\/media?parent=816"}],"wp:term":[{"taxonomy":"category","embeddable":true,"href":"https:\/\/associations.lunel.com\/ecole-du-vidourle\/wp-json\/wp\/v2\/categories?post=816"},{"taxonomy":"post_tag","embeddable":true,"href":"https:\/\/associations.lunel.com\/ecole-du-vidourle\/wp-json\/wp\/v2\/tags?post=816"}],"curies":[{"name":"wp","href":"https:\/\/api.w.org\/{rel}","templated":true}]}}