

{"id":5533,"date":"2025-03-12T16:45:17","date_gmt":"2025-03-12T15:45:17","guid":{"rendered":"https:\/\/associations.lunel.com\/oral-lunel\/?p=5533"},"modified":"2025-03-12T17:01:00","modified_gmt":"2025-03-12T16:01:00","slug":"soiree-pescalune-n5","status":"publish","type":"post","link":"https:\/\/associations.lunel.com\/oral-lunel\/soiree-pescalune-n5\/","title":{"rendered":"20\/03\/2025 Soir\u00e9e Pescalune n\u00b05"},"content":{"rendered":"\n<p>Bonjour&nbsp;\u00e0 toutes et tous,&nbsp;<\/p>\n\n\n\n<p>Nous avons le plaisir de vous convier \u00e0 une prochaine&nbsp;<strong>\u00ab&nbsp;Soir\u00e9e Pescalune&nbsp;\u00bb<\/strong>&nbsp;(n\u00b0<strong>5<\/strong>)<\/p>\n\n\n\n<p><strong>Jeudi 20 mars 2025 \u00e0 18h00, salle&nbsp;des Troph\u00e9es<br>(situ\u00e9e aux ar\u00e8nes San Juan)<\/strong><\/p>\n\n\n\n<p>Le principe de telles soir\u00e9es est de faire d\u00e9couvrir notre ville au d\u00e9but du si\u00e8cle dernier&nbsp;aux Lunellois r\u00e9cents et aussi de raviver les souvenirs des anciens.<\/p>\n\n\n\n<p>Pour ce faire, les Lunellois de souche&nbsp;&nbsp;(pescalunes)&nbsp;ont mobilis\u00e9 leurs souvenirs personnels&nbsp;et exhum\u00e9 leurs archives photos familiales de fa\u00e7on \u00e0 constituer un montage vid\u00e9o propre \u00e0 pr\u00e9senter&nbsp;tel ou tel quartier de notre ville, ses activit\u00e9s et anecdotes locales.<\/p>\n\n\n\n<p><strong><em>Cette soir\u00e9e, consacr\u00e9e \u00e0 l&rsquo;entr\u00e9e de lunel, les Petits Pins, avenue du G\u00e9n\u00e9ral LECLERC jusqu&rsquo;au Mus\u00e9e M\u00e9dard, est riche en petites et grandes histoires.<\/em><\/strong><\/p>\n\n\n\n<p>Une participation aux frais de\u00a04\u00a0\u20ac\/pers.\u00a0sera demand\u00e9e.\u00a0<\/p>\n\n\n\n<p><strong><em>Que vous soyez pescalunes, anciens Lunellois, ou que vous soyez nouveaux Lunellois,&nbsp;nous sommes s\u00fbrs que vous apprendrez quelque chose.<\/em><\/strong><\/p>\n\n\n\n<p>A l\u2019issue de la s\u00e9ance un ap\u00e9ritif sera offert aux participants.<\/p>\n\n\n\n<div data-wp-interactive=\"core\/file\" class=\"wp-block-file\"><object data-wp-bind--hidden=\"!state.hasPdfPreview\" hidden class=\"wp-block-file__embed\" data=\"https:\/\/associations.lunel.com\/oral-lunel\/wp-content\/uploads\/sites\/17\/2025\/03\/les-pescalune-03-2025.pdf\" type=\"application\/pdf\" style=\"width:100%;height:1110px\" aria-label=\"Contenu embarqu\u00e9 les pescalune 03-2025.\"><\/object><a id=\"wp-block-file--media-3b3980fa-0258-4abe-b1d0-fc786d7cdb44\" href=\"https:\/\/associations.lunel.com\/oral-lunel\/wp-content\/uploads\/sites\/17\/2025\/03\/les-pescalune-03-2025.pdf\">les pescalune 03-2025<\/a><a href=\"https:\/\/associations.lunel.com\/oral-lunel\/wp-content\/uploads\/sites\/17\/2025\/03\/les-pescalune-03-2025.pdf\" class=\"wp-block-file__button wp-element-button\" download aria-describedby=\"wp-block-file--media-3b3980fa-0258-4abe-b1d0-fc786d7cdb44\">T\u00e9l\u00e9charger<\/a><\/div>\n\n\n\n<p><\/p>\n\n\n\n<p><\/p>\n","protected":false},"excerpt":{"rendered":"<p>Bonjour&nbsp;\u00e0 toutes et tous,&nbsp; Nous avons le plaisir de vous convier \u00e0 une prochaine&nbsp;\u00ab&nbsp;Soir\u00e9e Pescalune&nbsp;\u00bb&nbsp;(n\u00b05) Jeudi 20 mars 2025 \u00e0 18h00, salle&nbsp;des Troph\u00e9es(situ\u00e9e aux ar\u00e8nes San Juan) Le principe de telles soir\u00e9es est de faire d\u00e9couvrir notre ville au d\u00e9but du si\u00e8cle dernier&nbsp;aux Lunellois r\u00e9cents et aussi de raviver les souvenirs des anciens. Pour ce&hellip; <br \/> <a class=\"read-more\" href=\"https:\/\/associations.lunel.com\/oral-lunel\/soiree-pescalune-n5\/\">Lire la suite<\/a><\/p>\n","protected":false},"author":23,"featured_media":0,"comment_status":"open","ping_status":"open","sticky":false,"template":"","format":"standard","meta":{"_uag_custom_page_level_css":"","footnotes":""},"categories":[1],"tags":[],"class_list":["post-5533","post","type-post","status-publish","format-standard","hentry","category-non-classe"],"uagb_featured_image_src":{"full":false,"thumbnail":false,"medium":false,"medium_large":false,"large":false,"1536x1536":false,"2048x2048":false,"post-thumbnail":false,"mesmerize-full-hd":false},"uagb_author_info":{"display_name":"oral-lunel","author_link":"https:\/\/associations.lunel.com\/oral-lunel\/author\/oral-lunel\/"},"uagb_comment_info":0,"uagb_excerpt":"Bonjour&nbsp;\u00e0 toutes et tous,&nbsp; Nous avons le plaisir de vous convier \u00e0 une prochaine&nbsp;\u00ab&nbsp;Soir\u00e9e Pescalune&nbsp;\u00bb&nbsp;(n\u00b05) Jeudi 20 mars 2025 \u00e0 18h00, salle&nbsp;des Troph\u00e9es(situ\u00e9e aux ar\u00e8nes San Juan) Le principe de telles soir\u00e9es est de faire d\u00e9couvrir notre ville au d\u00e9but du si\u00e8cle dernier&nbsp;aux Lunellois r\u00e9cents et aussi de raviver les souvenirs des anciens. Pour ce&hellip;\u2026","_links":{"self":[{"href":"https:\/\/associations.lunel.com\/oral-lunel\/wp-json\/wp\/v2\/posts\/5533","targetHints":{"allow":["GET"]}}],"collection":[{"href":"https:\/\/associations.lunel.com\/oral-lunel\/wp-json\/wp\/v2\/posts"}],"about":[{"href":"https:\/\/associations.lunel.com\/oral-lunel\/wp-json\/wp\/v2\/types\/post"}],"author":[{"embeddable":true,"href":"https:\/\/associations.lunel.com\/oral-lunel\/wp-json\/wp\/v2\/users\/23"}],"replies":[{"embeddable":true,"href":"https:\/\/associations.lunel.com\/oral-lunel\/wp-json\/wp\/v2\/comments?post=5533"}],"version-history":[{"count":2,"href":"https:\/\/associations.lunel.com\/oral-lunel\/wp-json\/wp\/v2\/posts\/5533\/revisions"}],"predecessor-version":[{"id":5537,"href":"https:\/\/associations.lunel.com\/oral-lunel\/wp-json\/wp\/v2\/posts\/5533\/revisions\/5537"}],"wp:attachment":[{"href":"https:\/\/associations.lunel.com\/oral-lunel\/wp-json\/wp\/v2\/media?parent=5533"}],"wp:term":[{"taxonomy":"category","embeddable":true,"href":"https:\/\/associations.lunel.com\/oral-lunel\/wp-json\/wp\/v2\/categories?post=5533"},{"taxonomy":"post_tag","embeddable":true,"href":"https:\/\/associations.lunel.com\/oral-lunel\/wp-json\/wp\/v2\/tags?post=5533"}],"curies":[{"name":"wp","href":"https:\/\/api.w.org\/{rel}","templated":true}]}}